{"id":35438,"date":"2022-11-07T10:38:32","date_gmt":"2022-11-07T07:38:32","guid":{"rendered":"https:\/\/www.fasa.lt\/fasa-pietu-korejoje\/"},"modified":"2022-11-11T10:50:22","modified_gmt":"2022-11-11T07:50:22","slug":"fasa-pietu-korejoje","status":"publish","type":"post","link":"https:\/\/www.fasa.lt\/en\/fasa-pietu-korejoje\/","title":{"rendered":"FASA in South Korea"},"content":{"rendered":"<p>Last week our Sales Manager Zivile together with Lithuanian delegation were visiting South Korea.<\/p>\n<p>She participated in Lithuania-Korea Business Forum, visited COEX FOOD WEEK Expo. Together with FASA agent Zivile had meetings with South Korea Dairy companies where presented FASA.<\/p>\n<p>We are happy that our Sales Manager had such an opportunity to meet potential South Korea customers in person.<\/p>\n<p><a href=\"https:\/\/www.fasa.lt\/wp-content\/uploads\/2022\/11\/WhatsApp-Image-2022-11-02-at-14.39.33.jpeg\"><img fetchpriority=\"high\" decoding=\"async\" class=\"alignnone wp-image-35426 size-medium\" style=\"font-weight: inherit;\" src=\"https:\/\/www.fasa.lt\/wp-content\/uploads\/2022\/11\/WhatsApp-Image-2022-11-02-at-14.39.33-225x300.jpeg\" alt=\"\" width=\"225\" height=\"300\" srcset=\"https:\/\/www.fasa.lt\/wp-content\/uploads\/2022\/11\/WhatsApp-Image-2022-11-02-at-14.39.33-225x300.jpeg 225w, https:\/\/www.fasa.lt\/wp-content\/uploads\/2022\/11\/WhatsApp-Image-2022-11-02-at-14.39.33-768x1024.jpeg 768w, https:\/\/www.fasa.lt\/wp-content\/uploads\/2022\/11\/WhatsApp-Image-2022-11-02-at-14.39.33-1152x1536.jpeg 1152w, https:\/\/www.fasa.lt\/wp-content\/uploads\/2022\/11\/WhatsApp-Image-2022-11-02-at-14.39.33.jpeg 1280w\" sizes=\"(max-width: 225px) 100vw, 225px\" \/><\/a>\u00a0<a href=\"https:\/\/www.fasa.lt\/wp-content\/uploads\/2022\/11\/WhatsApp-Image-2022-11-02-at-14.39.23.jpeg\"><img decoding=\"async\" class=\"alignnone wp-image-35423 size-medium\" style=\"font-weight: inherit;\" src=\"https:\/\/www.fasa.lt\/wp-content\/uploads\/2022\/11\/WhatsApp-Image-2022-11-02-at-14.39.23-225x300.jpeg\" alt=\"\" width=\"225\" height=\"300\" srcset=\"https:\/\/www.fasa.lt\/wp-content\/uploads\/2022\/11\/WhatsApp-Image-2022-11-02-at-14.39.23-225x300.jpeg 225w, https:\/\/www.fasa.lt\/wp-content\/uploads\/2022\/11\/WhatsApp-Image-2022-11-02-at-14.39.23-768x1024.jpeg 768w, https:\/\/www.fasa.lt\/wp-content\/uploads\/2022\/11\/WhatsApp-Image-2022-11-02-at-14.39.23.jpeg 1108w\" sizes=\"(max-width: 225px) 100vw, 225px\" \/><\/a> <a href=\"https:\/\/www.fasa.lt\/wp-content\/uploads\/2022\/11\/1667484156763.jpeg\"><img decoding=\"async\" class=\"alignnone wp-image-35420\" style=\"font-style: inherit; font-weight: inherit;\" src=\"https:\/\/www.fasa.lt\/wp-content\/uploads\/2022\/11\/1667484156763-300x225.jpeg\" alt=\"\" width=\"402\" height=\"302\" srcset=\"https:\/\/www.fasa.lt\/wp-content\/uploads\/2022\/11\/1667484156763-300x225.jpeg 300w, https:\/\/www.fasa.lt\/wp-content\/uploads\/2022\/11\/1667484156763-1024x768.jpeg 1024w, https:\/\/www.fasa.lt\/wp-content\/uploads\/2022\/11\/1667484156763-768x576.jpeg 768w, https:\/\/www.fasa.lt\/wp-content\/uploads\/2022\/11\/1667484156763-1536x1152.jpeg 1536w, https:\/\/www.fasa.lt\/wp-content\/uploads\/2022\/11\/1667484156763.jpeg 1707w\" sizes=\"(max-width: 402px) 100vw, 402px\" \/><\/a><span style=\"font-size: 16px;\">\u00a0<\/span><a href=\"https:\/\/www.fasa.lt\/wp-content\/uploads\/2022\/11\/WhatsApp-Image-2022-11-02-at-14.39.34.jpeg\"><img loading=\"lazy\" decoding=\"async\" class=\"alignnone wp-image-35429\" style=\"font-style: inherit; font-weight: inherit;\" src=\"https:\/\/www.fasa.lt\/wp-content\/uploads\/2022\/11\/WhatsApp-Image-2022-11-02-at-14.39.34-300x225.jpeg\" alt=\"\" width=\"403\" height=\"302\" srcset=\"https:\/\/www.fasa.lt\/wp-content\/uploads\/2022\/11\/WhatsApp-Image-2022-11-02-at-14.39.34-300x225.jpeg 300w, https:\/\/www.fasa.lt\/wp-content\/uploads\/2022\/11\/WhatsApp-Image-2022-11-02-at-14.39.34-1024x768.jpeg 1024w, https:\/\/www.fasa.lt\/wp-content\/uploads\/2022\/11\/WhatsApp-Image-2022-11-02-at-14.39.34-768x576.jpeg 768w, https:\/\/www.fasa.lt\/wp-content\/uploads\/2022\/11\/WhatsApp-Image-2022-11-02-at-14.39.34.jpeg 1478w\" sizes=\"(max-width: 403px) 100vw, 403px\" \/><\/a> <a href=\"https:\/\/www.fasa.lt\/wp-content\/uploads\/2022\/11\/WhatsApp-Image-2022-11-02-at-14.39.35.jpeg\"><img loading=\"lazy\" decoding=\"async\" class=\"alignnone wp-image-35432 size-medium\" style=\"font-style: inherit; font-weight: inherit;\" src=\"https:\/\/www.fasa.lt\/wp-content\/uploads\/2022\/11\/WhatsApp-Image-2022-11-02-at-14.39.35-225x300.jpeg\" alt=\"\" width=\"225\" height=\"300\" srcset=\"https:\/\/www.fasa.lt\/wp-content\/uploads\/2022\/11\/WhatsApp-Image-2022-11-02-at-14.39.35-225x300.jpeg 225w, https:\/\/www.fasa.lt\/wp-content\/uploads\/2022\/11\/WhatsApp-Image-2022-11-02-at-14.39.35-768x1024.jpeg 768w, https:\/\/www.fasa.lt\/wp-content\/uploads\/2022\/11\/WhatsApp-Image-2022-11-02-at-14.39.35-1152x1536.jpeg 1152w, https:\/\/www.fasa.lt\/wp-content\/uploads\/2022\/11\/WhatsApp-Image-2022-11-02-at-14.39.35.jpeg 1280w\" sizes=\"(max-width: 225px) 100vw, 225px\" \/><\/a> <a href=\"https:\/\/www.fasa.lt\/wp-content\/uploads\/2022\/11\/1667318960295.jpeg\"><img loading=\"lazy\" decoding=\"async\" class=\"alignnone wp-image-35435\" style=\"font-style: inherit; font-weight: inherit;\" src=\"https:\/\/www.fasa.lt\/wp-content\/uploads\/2022\/11\/1667318960295-300x225.jpeg\" alt=\"\" width=\"399\" height=\"299\" srcset=\"https:\/\/www.fasa.lt\/wp-content\/uploads\/2022\/11\/1667318960295-300x225.jpeg 300w, https:\/\/www.fasa.lt\/wp-content\/uploads\/2022\/11\/1667318960295-1024x768.jpeg 1024w, https:\/\/www.fasa.lt\/wp-content\/uploads\/2022\/11\/1667318960295-768x576.jpeg 768w, https:\/\/www.fasa.lt\/wp-content\/uploads\/2022\/11\/1667318960295-1536x1152.jpeg 1536w, https:\/\/www.fasa.lt\/wp-content\/uploads\/2022\/11\/1667318960295.jpeg 1707w\" sizes=\"(max-width: 399px) 100vw, 399px\" \/><\/a><\/p>\n","protected":false},"excerpt":{"rendered":"<p>Last week our Sales Manager Zivile together with Lithuanian delegation were visiting South Korea. She participated in Lithuania-Korea Business Forum, visited COEX FOOD WEEK Expo. Together with FASA agent Zivile had meetings with South Korea Dairy companies where presented FASA. We are happy that our Sales Manager had such an opportunity to meet potential South [&hellip;]<\/p>\n","protected":false},"author":3,"featured_media":35429,"comment_status":"open","ping_status":"open","sticky":false,"template":"","format":"standard","meta":{"site-sidebar-layout":"default","site-content-layout":"default","ast-site-content-layout":"default","site-content-style":"default","site-sidebar-style":"default","ast-global-header-display":"","ast-banner-title-visibility":"","ast-main-header-display":"","ast-hfb-above-header-display":"","ast-hfb-below-header-display":"","ast-hfb-mobile-header-display":"","site-post-title":"","ast-breadcrumbs-content":"","ast-featured-img":"","footer-sml-layout":"","ast-disable-related-posts":"","theme-transparent-header-meta":"","adv-header-id-meta":"","stick-header-meta":"","header-above-stick-meta":"","header-main-stick-meta":"","header-below-stick-meta":"","astra-migrate-meta-layouts":"default","ast-page-background-enabled":"default","ast-page-background-meta":{"desktop":{"background-color":"","background-image":"","background-repeat":"repeat","background-position":"center center","background-size":"auto","background-attachment":"scroll","background-type":"","background-media":"","overlay-type":"","overlay-color":"","overlay-opacity":"","overlay-gradient":""},"tablet":{"background-color":"","background-image":"","background-repeat":"repeat","background-position":"center center","background-size":"auto","background-attachment":"scroll","background-type":"","background-media":"","overlay-type":"","overlay-color":"","overlay-opacity":"","overlay-gradient":""},"mobile":{"background-color":"","background-image":"","background-repeat":"repeat","background-position":"center center","background-size":"auto","background-attachment":"scroll","background-type":"","background-media":"","overlay-type":"","overlay-color":"","overlay-opacity":"","overlay-gradient":""}},"ast-content-background-meta":{"desktop":{"background-color":"var(--ast-global-color-5)","background-image":"","background-repeat":"repeat","background-position":"center center","background-size":"auto","background-attachment":"scroll","background-type":"","background-media":"","overlay-type":"","overlay-color":"","overlay-opacity":"","overlay-gradient":""},"tablet":{"background-color":"var(--ast-global-color-5)","background-image":"","background-repeat":"repeat","background-position":"center center","background-size":"auto","background-attachment":"scroll","background-type":"","background-media":"","overlay-type":"","overlay-color":"","overlay-opacity":"","overlay-gradient":""},"mobile":{"background-color":"var(--ast-global-color-5)","background-image":"","background-repeat":"repeat","background-position":"center center","background-size":"auto","background-attachment":"scroll","background-type":"","background-media":"","overlay-type":"","overlay-color":"","overlay-opacity":"","overlay-gradient":""}},"footnotes":""},"categories":[49],"tags":[],"class_list":["post-35438","post","type-post","status-publish","format-standard","has-post-thumbnail","hentry","category-uncategorized"],"yoast_head":"<!-- This site is optimized with the Yoast SEO plugin v27.2 - https:\/\/yoast.com\/product\/yoast-seo-wordpress\/ -->\n<title>FASA in South Korea - FASA<\/title>\n<meta name=\"robots\" content=\"index, follow, max-snippet:-1, max-image-preview:large, max-video-preview:-1\" \/>\n<link rel=\"canonical\" href=\"https:\/\/www.fasa.lt\/en\/fasa-pietu-korejoje\/\" \/>\n<meta property=\"og:locale\" content=\"en_US\" \/>\n<meta property=\"og:type\" content=\"article\" \/>\n<meta property=\"og:title\" content=\"FASA in South Korea - FASA\" \/>\n<meta property=\"og:description\" content=\"Last week our Sales Manager Zivile together with Lithuanian delegation were visiting South Korea. She participated in Lithuania-Korea Business Forum, visited COEX FOOD WEEK Expo. Together with FASA agent Zivile had meetings with South Korea Dairy companies where presented FASA. We are happy that our Sales Manager had such an opportunity to meet potential South [&hellip;]\" \/>\n<meta property=\"og:url\" content=\"https:\/\/www.fasa.lt\/en\/fasa-pietu-korejoje\/\" \/>\n<meta property=\"og:site_name\" content=\"FASA\" \/>\n<meta property=\"article:published_time\" content=\"2022-11-07T07:38:32+00:00\" \/>\n<meta property=\"article:modified_time\" content=\"2022-11-11T07:50:22+00:00\" \/>\n<meta property=\"og:image\" content=\"https:\/\/www.fasa.lt\/wp-content\/uploads\/2022\/11\/WhatsApp-Image-2022-11-02-at-14.39.34.jpeg\" \/>\n\t<meta property=\"og:image:width\" content=\"1478\" \/>\n\t<meta property=\"og:image:height\" content=\"1108\" \/>\n\t<meta property=\"og:image:type\" content=\"image\/jpeg\" \/>\n<meta name=\"author\" content=\"Eivil\u0117 Rugieni\u016bt\u0117\" \/>\n<meta name=\"twitter:card\" content=\"summary_large_image\" \/>\n<meta name=\"twitter:label1\" content=\"Written by\" \/>\n\t<meta name=\"twitter:data1\" content=\"Eivil\u0117 Rugieni\u016bt\u0117\" \/>\n\t<meta name=\"twitter:label2\" content=\"Est. reading time\" \/>\n\t<meta name=\"twitter:data2\" content=\"2 minutes\" \/>\n<script type=\"application\/ld+json\" class=\"yoast-schema-graph\">{\"@context\":\"https:\/\/schema.org\",\"@graph\":[{\"@type\":\"Article\",\"@id\":\"https:\/\/www.fasa.lt\/en\/fasa-pietu-korejoje\/#article\",\"isPartOf\":{\"@id\":\"https:\/\/www.fasa.lt\/en\/fasa-pietu-korejoje\/\"},\"author\":{\"name\":\"Eivil\u0117 Rugieni\u016bt\u0117\",\"@id\":\"https:\/\/www.fasa.lt\/en\/#\/schema\/person\/d9da70d13c939f46c2f0fc7790909360\"},\"headline\":\"FASA in South Korea\",\"datePublished\":\"2022-11-07T07:38:32+00:00\",\"dateModified\":\"2022-11-11T07:50:22+00:00\",\"mainEntityOfPage\":{\"@id\":\"https:\/\/www.fasa.lt\/en\/fasa-pietu-korejoje\/\"},\"wordCount\":63,\"commentCount\":0,\"publisher\":{\"@id\":\"https:\/\/www.fasa.lt\/en\/#organization\"},\"image\":{\"@id\":\"https:\/\/www.fasa.lt\/en\/fasa-pietu-korejoje\/#primaryimage\"},\"thumbnailUrl\":\"https:\/\/www.fasa.lt\/wp-content\/uploads\/2022\/11\/WhatsApp-Image-2022-11-02-at-14.39.34.jpeg\",\"articleSection\":[\"Other\"],\"inLanguage\":\"en-US\",\"potentialAction\":[{\"@type\":\"CommentAction\",\"name\":\"Comment\",\"target\":[\"https:\/\/www.fasa.lt\/en\/fasa-pietu-korejoje\/#respond\"]}]},{\"@type\":\"WebPage\",\"@id\":\"https:\/\/www.fasa.lt\/en\/fasa-pietu-korejoje\/\",\"url\":\"https:\/\/www.fasa.lt\/en\/fasa-pietu-korejoje\/\",\"name\":\"FASA in South Korea - FASA\",\"isPartOf\":{\"@id\":\"https:\/\/www.fasa.lt\/en\/#website\"},\"primaryImageOfPage\":{\"@id\":\"https:\/\/www.fasa.lt\/en\/fasa-pietu-korejoje\/#primaryimage\"},\"image\":{\"@id\":\"https:\/\/www.fasa.lt\/en\/fasa-pietu-korejoje\/#primaryimage\"},\"thumbnailUrl\":\"https:\/\/www.fasa.lt\/wp-content\/uploads\/2022\/11\/WhatsApp-Image-2022-11-02-at-14.39.34.jpeg\",\"datePublished\":\"2022-11-07T07:38:32+00:00\",\"dateModified\":\"2022-11-11T07:50:22+00:00\",\"breadcrumb\":{\"@id\":\"https:\/\/www.fasa.lt\/en\/fasa-pietu-korejoje\/#breadcrumb\"},\"inLanguage\":\"en-US\",\"potentialAction\":[{\"@type\":\"ReadAction\",\"target\":[\"https:\/\/www.fasa.lt\/en\/fasa-pietu-korejoje\/\"]}]},{\"@type\":\"ImageObject\",\"inLanguage\":\"en-US\",\"@id\":\"https:\/\/www.fasa.lt\/en\/fasa-pietu-korejoje\/#primaryimage\",\"url\":\"https:\/\/www.fasa.lt\/wp-content\/uploads\/2022\/11\/WhatsApp-Image-2022-11-02-at-14.39.34.jpeg\",\"contentUrl\":\"https:\/\/www.fasa.lt\/wp-content\/uploads\/2022\/11\/WhatsApp-Image-2022-11-02-at-14.39.34.jpeg\",\"width\":1478,\"height\":1108},{\"@type\":\"BreadcrumbList\",\"@id\":\"https:\/\/www.fasa.lt\/en\/fasa-pietu-korejoje\/#breadcrumb\",\"itemListElement\":[{\"@type\":\"ListItem\",\"position\":1,\"name\":\"Home\",\"item\":\"https:\/\/www.fasa.lt\/en\/\"},{\"@type\":\"ListItem\",\"position\":2,\"name\":\"FASA in South Korea\"}]},{\"@type\":\"WebSite\",\"@id\":\"https:\/\/www.fasa.lt\/en\/#website\",\"url\":\"https:\/\/www.fasa.lt\/en\/\",\"name\":\"FASA\",\"description\":\"Maisto perdirbimo ma\u0161inos ir \u012frengimai - gamyba\",\"publisher\":{\"@id\":\"https:\/\/www.fasa.lt\/en\/#organization\"},\"potentialAction\":[{\"@type\":\"SearchAction\",\"target\":{\"@type\":\"EntryPoint\",\"urlTemplate\":\"https:\/\/www.fasa.lt\/en\/?s={search_term_string}\"},\"query-input\":{\"@type\":\"PropertyValueSpecification\",\"valueRequired\":true,\"valueName\":\"search_term_string\"}}],\"inLanguage\":\"en-US\"},{\"@type\":\"Organization\",\"@id\":\"https:\/\/www.fasa.lt\/en\/#organization\",\"name\":\"FASA- Packaging Technology\",\"url\":\"https:\/\/www.fasa.lt\/en\/\",\"logo\":{\"@type\":\"ImageObject\",\"inLanguage\":\"en-US\",\"@id\":\"https:\/\/www.fasa.lt\/en\/#\/schema\/logo\/image\/\",\"url\":\"https:\/\/www.fasa.lt\/wp-content\/uploads\/2020\/10\/Untitled-design-1.png\",\"contentUrl\":\"https:\/\/www.fasa.lt\/wp-content\/uploads\/2020\/10\/Untitled-design-1.png\",\"width\":500,\"height\":500,\"caption\":\"FASA- Packaging Technology\"},\"image\":{\"@id\":\"https:\/\/www.fasa.lt\/en\/#\/schema\/logo\/image\/\"}},{\"@type\":\"Person\",\"@id\":\"https:\/\/www.fasa.lt\/en\/#\/schema\/person\/d9da70d13c939f46c2f0fc7790909360\",\"name\":\"Eivil\u0117 Rugieni\u016bt\u0117\",\"image\":{\"@type\":\"ImageObject\",\"inLanguage\":\"en-US\",\"@id\":\"https:\/\/www.fasa.lt\/wp-content\/litespeed\/avatar\/66722d4bec3e62be71fcd2a9dd65e20b.jpg?ver=1776609290\",\"url\":\"https:\/\/www.fasa.lt\/wp-content\/litespeed\/avatar\/66722d4bec3e62be71fcd2a9dd65e20b.jpg?ver=1776609290\",\"contentUrl\":\"https:\/\/www.fasa.lt\/wp-content\/litespeed\/avatar\/66722d4bec3e62be71fcd2a9dd65e20b.jpg?ver=1776609290\",\"caption\":\"Eivil\u0117 Rugieni\u016bt\u0117\"},\"description\":\"Eivile Rugieniute is a Marketing Manager at FASA with 6 years of experience in B2B marketing. She specializes in developing data-driven marketing strategies, building strong brand positioning, and driving measurable growth across digital and offline channels. At FASA, Eivile focuses on aligning marketing initiatives with business goals to support long-term success.\",\"url\":\"https:\/\/www.fasa.lt\/en\/author\/admin_marketing_85632\/\"}]}<\/script>\n<!-- \/ Yoast SEO plugin. -->","yoast_head_json":{"title":"FASA in South Korea - FASA","robots":{"index":"index","follow":"follow","max-snippet":"max-snippet:-1","max-image-preview":"max-image-preview:large","max-video-preview":"max-video-preview:-1"},"canonical":"https:\/\/www.fasa.lt\/en\/fasa-pietu-korejoje\/","og_locale":"en_US","og_type":"article","og_title":"FASA in South Korea - FASA","og_description":"Last week our Sales Manager Zivile together with Lithuanian delegation were visiting South Korea. She participated in Lithuania-Korea Business Forum, visited COEX FOOD WEEK Expo. Together with FASA agent Zivile had meetings with South Korea Dairy companies where presented FASA. We are happy that our Sales Manager had such an opportunity to meet potential South [&hellip;]","og_url":"https:\/\/www.fasa.lt\/en\/fasa-pietu-korejoje\/","og_site_name":"FASA","article_published_time":"2022-11-07T07:38:32+00:00","article_modified_time":"2022-11-11T07:50:22+00:00","og_image":[{"width":1478,"height":1108,"url":"https:\/\/www.fasa.lt\/wp-content\/uploads\/2022\/11\/WhatsApp-Image-2022-11-02-at-14.39.34.jpeg","type":"image\/jpeg"}],"author":"Eivil\u0117 Rugieni\u016bt\u0117","twitter_card":"summary_large_image","twitter_misc":{"Written by":"Eivil\u0117 Rugieni\u016bt\u0117","Est. reading time":"2 minutes"},"schema":{"@context":"https:\/\/schema.org","@graph":[{"@type":"Article","@id":"https:\/\/www.fasa.lt\/en\/fasa-pietu-korejoje\/#article","isPartOf":{"@id":"https:\/\/www.fasa.lt\/en\/fasa-pietu-korejoje\/"},"author":{"name":"Eivil\u0117 Rugieni\u016bt\u0117","@id":"https:\/\/www.fasa.lt\/en\/#\/schema\/person\/d9da70d13c939f46c2f0fc7790909360"},"headline":"FASA in South Korea","datePublished":"2022-11-07T07:38:32+00:00","dateModified":"2022-11-11T07:50:22+00:00","mainEntityOfPage":{"@id":"https:\/\/www.fasa.lt\/en\/fasa-pietu-korejoje\/"},"wordCount":63,"commentCount":0,"publisher":{"@id":"https:\/\/www.fasa.lt\/en\/#organization"},"image":{"@id":"https:\/\/www.fasa.lt\/en\/fasa-pietu-korejoje\/#primaryimage"},"thumbnailUrl":"https:\/\/www.fasa.lt\/wp-content\/uploads\/2022\/11\/WhatsApp-Image-2022-11-02-at-14.39.34.jpeg","articleSection":["Other"],"inLanguage":"en-US","potentialAction":[{"@type":"CommentAction","name":"Comment","target":["https:\/\/www.fasa.lt\/en\/fasa-pietu-korejoje\/#respond"]}]},{"@type":"WebPage","@id":"https:\/\/www.fasa.lt\/en\/fasa-pietu-korejoje\/","url":"https:\/\/www.fasa.lt\/en\/fasa-pietu-korejoje\/","name":"FASA in South Korea - FASA","isPartOf":{"@id":"https:\/\/www.fasa.lt\/en\/#website"},"primaryImageOfPage":{"@id":"https:\/\/www.fasa.lt\/en\/fasa-pietu-korejoje\/#primaryimage"},"image":{"@id":"https:\/\/www.fasa.lt\/en\/fasa-pietu-korejoje\/#primaryimage"},"thumbnailUrl":"https:\/\/www.fasa.lt\/wp-content\/uploads\/2022\/11\/WhatsApp-Image-2022-11-02-at-14.39.34.jpeg","datePublished":"2022-11-07T07:38:32+00:00","dateModified":"2022-11-11T07:50:22+00:00","breadcrumb":{"@id":"https:\/\/www.fasa.lt\/en\/fasa-pietu-korejoje\/#breadcrumb"},"inLanguage":"en-US","potentialAction":[{"@type":"ReadAction","target":["https:\/\/www.fasa.lt\/en\/fasa-pietu-korejoje\/"]}]},{"@type":"ImageObject","inLanguage":"en-US","@id":"https:\/\/www.fasa.lt\/en\/fasa-pietu-korejoje\/#primaryimage","url":"https:\/\/www.fasa.lt\/wp-content\/uploads\/2022\/11\/WhatsApp-Image-2022-11-02-at-14.39.34.jpeg","contentUrl":"https:\/\/www.fasa.lt\/wp-content\/uploads\/2022\/11\/WhatsApp-Image-2022-11-02-at-14.39.34.jpeg","width":1478,"height":1108},{"@type":"BreadcrumbList","@id":"https:\/\/www.fasa.lt\/en\/fasa-pietu-korejoje\/#breadcrumb","itemListElement":[{"@type":"ListItem","position":1,"name":"Home","item":"https:\/\/www.fasa.lt\/en\/"},{"@type":"ListItem","position":2,"name":"FASA in South Korea"}]},{"@type":"WebSite","@id":"https:\/\/www.fasa.lt\/en\/#website","url":"https:\/\/www.fasa.lt\/en\/","name":"FASA","description":"Maisto perdirbimo ma\u0161inos ir \u012frengimai - gamyba","publisher":{"@id":"https:\/\/www.fasa.lt\/en\/#organization"},"potentialAction":[{"@type":"SearchAction","target":{"@type":"EntryPoint","urlTemplate":"https:\/\/www.fasa.lt\/en\/?s={search_term_string}"},"query-input":{"@type":"PropertyValueSpecification","valueRequired":true,"valueName":"search_term_string"}}],"inLanguage":"en-US"},{"@type":"Organization","@id":"https:\/\/www.fasa.lt\/en\/#organization","name":"FASA- Packaging Technology","url":"https:\/\/www.fasa.lt\/en\/","logo":{"@type":"ImageObject","inLanguage":"en-US","@id":"https:\/\/www.fasa.lt\/en\/#\/schema\/logo\/image\/","url":"https:\/\/www.fasa.lt\/wp-content\/uploads\/2020\/10\/Untitled-design-1.png","contentUrl":"https:\/\/www.fasa.lt\/wp-content\/uploads\/2020\/10\/Untitled-design-1.png","width":500,"height":500,"caption":"FASA- Packaging Technology"},"image":{"@id":"https:\/\/www.fasa.lt\/en\/#\/schema\/logo\/image\/"}},{"@type":"Person","@id":"https:\/\/www.fasa.lt\/en\/#\/schema\/person\/d9da70d13c939f46c2f0fc7790909360","name":"Eivil\u0117 Rugieni\u016bt\u0117","image":{"@type":"ImageObject","inLanguage":"en-US","@id":"https:\/\/www.fasa.lt\/wp-content\/litespeed\/avatar\/66722d4bec3e62be71fcd2a9dd65e20b.jpg?ver=1776609290","url":"https:\/\/www.fasa.lt\/wp-content\/litespeed\/avatar\/66722d4bec3e62be71fcd2a9dd65e20b.jpg?ver=1776609290","contentUrl":"https:\/\/www.fasa.lt\/wp-content\/litespeed\/avatar\/66722d4bec3e62be71fcd2a9dd65e20b.jpg?ver=1776609290","caption":"Eivil\u0117 Rugieni\u016bt\u0117"},"description":"Eivile Rugieniute is a Marketing Manager at FASA with 6 years of experience in B2B marketing. She specializes in developing data-driven marketing strategies, building strong brand positioning, and driving measurable growth across digital and offline channels. At FASA, Eivile focuses on aligning marketing initiatives with business goals to support long-term success.","url":"https:\/\/www.fasa.lt\/en\/author\/admin_marketing_85632\/"}]}},"_links":{"self":[{"href":"https:\/\/www.fasa.lt\/en\/wp-json\/wp\/v2\/posts\/35438","targetHints":{"allow":["GET"]}}],"collection":[{"href":"https:\/\/www.fasa.lt\/en\/wp-json\/wp\/v2\/posts"}],"about":[{"href":"https:\/\/www.fasa.lt\/en\/wp-json\/wp\/v2\/types\/post"}],"author":[{"embeddable":true,"href":"https:\/\/www.fasa.lt\/en\/wp-json\/wp\/v2\/users\/3"}],"replies":[{"embeddable":true,"href":"https:\/\/www.fasa.lt\/en\/wp-json\/wp\/v2\/comments?post=35438"}],"version-history":[{"count":2,"href":"https:\/\/www.fasa.lt\/en\/wp-json\/wp\/v2\/posts\/35438\/revisions"}],"predecessor-version":[{"id":35441,"href":"https:\/\/www.fasa.lt\/en\/wp-json\/wp\/v2\/posts\/35438\/revisions\/35441"}],"wp:featuredmedia":[{"embeddable":true,"href":"https:\/\/www.fasa.lt\/en\/wp-json\/wp\/v2\/media\/35429"}],"wp:attachment":[{"href":"https:\/\/www.fasa.lt\/en\/wp-json\/wp\/v2\/media?parent=35438"}],"wp:term":[{"taxonomy":"category","embeddable":true,"href":"https:\/\/www.fasa.lt\/en\/wp-json\/wp\/v2\/categories?post=35438"},{"taxonomy":"post_tag","embeddable":true,"href":"https:\/\/www.fasa.lt\/en\/wp-json\/wp\/v2\/tags?post=35438"}],"curies":[{"name":"wp","href":"https:\/\/api.w.org\/{rel}","templated":true}]}}