{"id":33682,"date":"2022-03-22T15:24:22","date_gmt":"2022-03-22T12:24:22","guid":{"rendered":"https:\/\/www.fasa.lt\/pasimatysime-iide-2022\/"},"modified":"2022-03-22T15:45:19","modified_gmt":"2022-03-22T12:45:19","slug":"pasimatysime-iide-2022","status":"publish","type":"post","link":"https:\/\/www.fasa.lt\/en\/pasimatysime-iide-2022\/","title":{"rendered":"We will meet at IIDE 2022"},"content":{"rendered":"<p><a href=\"https:\/\/www.fasa.lt\/wp-content\/uploads\/2022\/03\/WhatsApp-Image-2022-03-22-at-12.53.20-2.jpeg\"><img fetchpriority=\"high\" decoding=\"async\" class=\"wp-image-33668 alignright\" style=\"font-weight: inherit;\" src=\"https:\/\/www.fasa.lt\/wp-content\/uploads\/2022\/03\/WhatsApp-Image-2022-03-22-at-12.53.20-2-300x216.jpeg\" alt=\"\" width=\"366\" height=\"263\" srcset=\"https:\/\/www.fasa.lt\/wp-content\/uploads\/2022\/03\/WhatsApp-Image-2022-03-22-at-12.53.20-2-300x216.jpeg 300w, https:\/\/www.fasa.lt\/wp-content\/uploads\/2022\/03\/WhatsApp-Image-2022-03-22-at-12.53.20-2-1024x737.jpeg 1024w, https:\/\/www.fasa.lt\/wp-content\/uploads\/2022\/03\/WhatsApp-Image-2022-03-22-at-12.53.20-2-768x553.jpeg 768w, https:\/\/www.fasa.lt\/wp-content\/uploads\/2022\/03\/WhatsApp-Image-2022-03-22-at-12.53.20-2-1536x1106.jpeg 1536w, https:\/\/www.fasa.lt\/wp-content\/uploads\/2022\/03\/WhatsApp-Image-2022-03-22-at-12.53.20-2.jpeg 1600w\" sizes=\"(max-width: 366px) 100vw, 366px\" \/><\/a><\/p>\n<p>Our Sales Manager Renaldas together with Head of Sales and Marketing Jolanta are ready to meet you in exhibition <a href=\"https:\/\/www.iideindia.com\/\">India International Dairy Expo 2022 <\/a>in Mumbai, India which will be from 13th till 15th of April.<\/p>\n<p>We will be glad to see our customers and partners, as well as all interested specialists at our booth. You will find us at Hall 1, Stand B26.<\/p>\n<p>Don\u2019t miss your chance to contact them and make an appointment:<\/p>\n<p>Email<a href=\"mailto:products@fasa.lt\"> products@fasa.lt<\/a><\/p>\n<p>Tel\/WhatsApp <a href=\"tel: +370 616 17 741\">+370 616 17 741<\/a><\/p>\n<p>&nbsp;<\/p>\n<p>&nbsp;<\/p>\n","protected":false},"excerpt":{"rendered":"<p>Our Sales Manager Renaldas together with Head of Sales and Marketing Jolanta are ready to meet you in exhibition India International Dairy Expo 2022 in Mumbai, India which will be from 13th till 15th of April. We will be glad to see our customers and partners, as well as all interested specialists at our booth. [&hellip;]<\/p>\n","protected":false},"author":3,"featured_media":33662,"comment_status":"open","ping_status":"open","sticky":false,"template":"","format":"standard","meta":{"site-sidebar-layout":"default","site-content-layout":"default","ast-site-content-layout":"default","site-content-style":"default","site-sidebar-style":"default","ast-global-header-display":"","ast-banner-title-visibility":"","ast-main-header-display":"","ast-hfb-above-header-display":"","ast-hfb-below-header-display":"","ast-hfb-mobile-header-display":"","site-post-title":"","ast-breadcrumbs-content":"","ast-featured-img":"","footer-sml-layout":"","ast-disable-related-posts":"","theme-transparent-header-meta":"","adv-header-id-meta":"","stick-header-meta":"","header-above-stick-meta":"","header-main-stick-meta":"","header-below-stick-meta":"","astra-migrate-meta-layouts":"default","ast-page-background-enabled":"default","ast-page-background-meta":{"desktop":{"background-color":"","background-image":"","background-repeat":"repeat","background-position":"center center","background-size":"auto","background-attachment":"scroll","background-type":"","background-media":"","overlay-type":"","overlay-color":"","overlay-opacity":"","overlay-gradient":""},"tablet":{"background-color":"","background-image":"","background-repeat":"repeat","background-position":"center center","background-size":"auto","background-attachment":"scroll","background-type":"","background-media":"","overlay-type":"","overlay-color":"","overlay-opacity":"","overlay-gradient":""},"mobile":{"background-color":"","background-image":"","background-repeat":"repeat","background-position":"center center","background-size":"auto","background-attachment":"scroll","background-type":"","background-media":"","overlay-type":"","overlay-color":"","overlay-opacity":"","overlay-gradient":""}},"ast-content-background-meta":{"desktop":{"background-color":"var(--ast-global-color-5)","background-image":"","background-repeat":"repeat","background-position":"center center","background-size":"auto","background-attachment":"scroll","background-type":"","background-media":"","overlay-type":"","overlay-color":"","overlay-opacity":"","overlay-gradient":""},"tablet":{"background-color":"var(--ast-global-color-5)","background-image":"","background-repeat":"repeat","background-position":"center center","background-size":"auto","background-attachment":"scroll","background-type":"","background-media":"","overlay-type":"","overlay-color":"","overlay-opacity":"","overlay-gradient":""},"mobile":{"background-color":"var(--ast-global-color-5)","background-image":"","background-repeat":"repeat","background-position":"center center","background-size":"auto","background-attachment":"scroll","background-type":"","background-media":"","overlay-type":"","overlay-color":"","overlay-opacity":"","overlay-gradient":""}},"footnotes":""},"categories":[49],"tags":[],"class_list":["post-33682","post","type-post","status-publish","format-standard","has-post-thumbnail","hentry","category-uncategorized"],"yoast_head":"<!-- This site is optimized with the Yoast SEO plugin v27.2 - https:\/\/yoast.com\/product\/yoast-seo-wordpress\/ -->\n<title>We will meet at IIDE 2022 - FASA<\/title>\n<meta name=\"robots\" content=\"index, follow, max-snippet:-1, max-image-preview:large, max-video-preview:-1\" \/>\n<link rel=\"canonical\" href=\"https:\/\/www.fasa.lt\/en\/pasimatysime-iide-2022\/\" \/>\n<meta property=\"og:locale\" content=\"en_US\" \/>\n<meta property=\"og:type\" content=\"article\" \/>\n<meta property=\"og:title\" content=\"We will meet at IIDE 2022 - FASA\" \/>\n<meta property=\"og:description\" content=\"Our Sales Manager Renaldas together with Head of Sales and Marketing Jolanta are ready to meet you in exhibition India International Dairy Expo 2022 in Mumbai, India which will be from 13th till 15th of April. We will be glad to see our customers and partners, as well as all interested specialists at our booth. [&hellip;]\" \/>\n<meta property=\"og:url\" content=\"https:\/\/www.fasa.lt\/en\/pasimatysime-iide-2022\/\" \/>\n<meta property=\"og:site_name\" content=\"FASA\" \/>\n<meta property=\"article:published_time\" content=\"2022-03-22T12:24:22+00:00\" \/>\n<meta property=\"article:modified_time\" content=\"2022-03-22T12:45:19+00:00\" \/>\n<meta property=\"og:image\" content=\"https:\/\/www.fasa.lt\/wp-content\/uploads\/2022\/03\/IIDE-2022-su-nr.jpg\" \/>\n\t<meta property=\"og:image:width\" content=\"2480\" \/>\n\t<meta property=\"og:image:height\" content=\"852\" \/>\n\t<meta property=\"og:image:type\" content=\"image\/jpeg\" \/>\n<meta name=\"author\" content=\"Eivil\u0117 Rugieni\u016bt\u0117\" \/>\n<meta name=\"twitter:card\" content=\"summary_large_image\" \/>\n<meta name=\"twitter:label1\" content=\"Written by\" \/>\n\t<meta name=\"twitter:data1\" content=\"Eivil\u0117 Rugieni\u016bt\u0117\" \/>\n\t<meta name=\"twitter:label2\" content=\"Est. reading time\" \/>\n\t<meta name=\"twitter:data2\" content=\"1 minute\" \/>\n<script type=\"application\/ld+json\" class=\"yoast-schema-graph\">{\"@context\":\"https:\/\/schema.org\",\"@graph\":[{\"@type\":\"Article\",\"@id\":\"https:\/\/www.fasa.lt\/en\/pasimatysime-iide-2022\/#article\",\"isPartOf\":{\"@id\":\"https:\/\/www.fasa.lt\/en\/pasimatysime-iide-2022\/\"},\"author\":{\"name\":\"Eivil\u0117 Rugieni\u016bt\u0117\",\"@id\":\"https:\/\/www.fasa.lt\/en\/#\/schema\/person\/d9da70d13c939f46c2f0fc7790909360\"},\"headline\":\"We will meet at IIDE 2022\",\"datePublished\":\"2022-03-22T12:24:22+00:00\",\"dateModified\":\"2022-03-22T12:45:19+00:00\",\"mainEntityOfPage\":{\"@id\":\"https:\/\/www.fasa.lt\/en\/pasimatysime-iide-2022\/\"},\"wordCount\":87,\"commentCount\":0,\"publisher\":{\"@id\":\"https:\/\/www.fasa.lt\/en\/#organization\"},\"image\":{\"@id\":\"https:\/\/www.fasa.lt\/en\/pasimatysime-iide-2022\/#primaryimage\"},\"thumbnailUrl\":\"https:\/\/www.fasa.lt\/wp-content\/uploads\/2022\/03\/IIDE-2022-su-nr.jpg\",\"articleSection\":[\"Other\"],\"inLanguage\":\"en-US\",\"potentialAction\":[{\"@type\":\"CommentAction\",\"name\":\"Comment\",\"target\":[\"https:\/\/www.fasa.lt\/en\/pasimatysime-iide-2022\/#respond\"]}]},{\"@type\":\"WebPage\",\"@id\":\"https:\/\/www.fasa.lt\/en\/pasimatysime-iide-2022\/\",\"url\":\"https:\/\/www.fasa.lt\/en\/pasimatysime-iide-2022\/\",\"name\":\"We will meet at IIDE 2022 - FASA\",\"isPartOf\":{\"@id\":\"https:\/\/www.fasa.lt\/en\/#website\"},\"primaryImageOfPage\":{\"@id\":\"https:\/\/www.fasa.lt\/en\/pasimatysime-iide-2022\/#primaryimage\"},\"image\":{\"@id\":\"https:\/\/www.fasa.lt\/en\/pasimatysime-iide-2022\/#primaryimage\"},\"thumbnailUrl\":\"https:\/\/www.fasa.lt\/wp-content\/uploads\/2022\/03\/IIDE-2022-su-nr.jpg\",\"datePublished\":\"2022-03-22T12:24:22+00:00\",\"dateModified\":\"2022-03-22T12:45:19+00:00\",\"breadcrumb\":{\"@id\":\"https:\/\/www.fasa.lt\/en\/pasimatysime-iide-2022\/#breadcrumb\"},\"inLanguage\":\"en-US\",\"potentialAction\":[{\"@type\":\"ReadAction\",\"target\":[\"https:\/\/www.fasa.lt\/en\/pasimatysime-iide-2022\/\"]}]},{\"@type\":\"ImageObject\",\"inLanguage\":\"en-US\",\"@id\":\"https:\/\/www.fasa.lt\/en\/pasimatysime-iide-2022\/#primaryimage\",\"url\":\"https:\/\/www.fasa.lt\/wp-content\/uploads\/2022\/03\/IIDE-2022-su-nr.jpg\",\"contentUrl\":\"https:\/\/www.fasa.lt\/wp-content\/uploads\/2022\/03\/IIDE-2022-su-nr.jpg\",\"width\":2480,\"height\":852},{\"@type\":\"BreadcrumbList\",\"@id\":\"https:\/\/www.fasa.lt\/en\/pasimatysime-iide-2022\/#breadcrumb\",\"itemListElement\":[{\"@type\":\"ListItem\",\"position\":1,\"name\":\"Home\",\"item\":\"https:\/\/www.fasa.lt\/en\/\"},{\"@type\":\"ListItem\",\"position\":2,\"name\":\"We will meet at IIDE 2022\"}]},{\"@type\":\"WebSite\",\"@id\":\"https:\/\/www.fasa.lt\/en\/#website\",\"url\":\"https:\/\/www.fasa.lt\/en\/\",\"name\":\"FASA\",\"description\":\"Maisto perdirbimo ma\u0161inos ir \u012frengimai - gamyba\",\"publisher\":{\"@id\":\"https:\/\/www.fasa.lt\/en\/#organization\"},\"potentialAction\":[{\"@type\":\"SearchAction\",\"target\":{\"@type\":\"EntryPoint\",\"urlTemplate\":\"https:\/\/www.fasa.lt\/en\/?s={search_term_string}\"},\"query-input\":{\"@type\":\"PropertyValueSpecification\",\"valueRequired\":true,\"valueName\":\"search_term_string\"}}],\"inLanguage\":\"en-US\"},{\"@type\":\"Organization\",\"@id\":\"https:\/\/www.fasa.lt\/en\/#organization\",\"name\":\"FASA- Packaging Technology\",\"url\":\"https:\/\/www.fasa.lt\/en\/\",\"logo\":{\"@type\":\"ImageObject\",\"inLanguage\":\"en-US\",\"@id\":\"https:\/\/www.fasa.lt\/en\/#\/schema\/logo\/image\/\",\"url\":\"https:\/\/www.fasa.lt\/wp-content\/uploads\/2020\/10\/Untitled-design-1.png\",\"contentUrl\":\"https:\/\/www.fasa.lt\/wp-content\/uploads\/2020\/10\/Untitled-design-1.png\",\"width\":500,\"height\":500,\"caption\":\"FASA- Packaging Technology\"},\"image\":{\"@id\":\"https:\/\/www.fasa.lt\/en\/#\/schema\/logo\/image\/\"}},{\"@type\":\"Person\",\"@id\":\"https:\/\/www.fasa.lt\/en\/#\/schema\/person\/d9da70d13c939f46c2f0fc7790909360\",\"name\":\"Eivil\u0117 Rugieni\u016bt\u0117\",\"image\":{\"@type\":\"ImageObject\",\"inLanguage\":\"en-US\",\"@id\":\"https:\/\/www.fasa.lt\/wp-content\/litespeed\/avatar\/66722d4bec3e62be71fcd2a9dd65e20b.jpg?ver=1777214170\",\"url\":\"https:\/\/www.fasa.lt\/wp-content\/litespeed\/avatar\/66722d4bec3e62be71fcd2a9dd65e20b.jpg?ver=1777214170\",\"contentUrl\":\"https:\/\/www.fasa.lt\/wp-content\/litespeed\/avatar\/66722d4bec3e62be71fcd2a9dd65e20b.jpg?ver=1777214170\",\"caption\":\"Eivil\u0117 Rugieni\u016bt\u0117\"},\"description\":\"Eivile Rugieniute is a Marketing Manager at FASA with 6 years of experience in B2B marketing. She specializes in developing data-driven marketing strategies, building strong brand positioning, and driving measurable growth across digital and offline channels. At FASA, Eivile focuses on aligning marketing initiatives with business goals to support long-term success.\",\"url\":\"https:\/\/www.fasa.lt\/en\/author\/admin_marketing_85632\/\"}]}<\/script>\n<!-- \/ Yoast SEO plugin. -->","yoast_head_json":{"title":"We will meet at IIDE 2022 - FASA","robots":{"index":"index","follow":"follow","max-snippet":"max-snippet:-1","max-image-preview":"max-image-preview:large","max-video-preview":"max-video-preview:-1"},"canonical":"https:\/\/www.fasa.lt\/en\/pasimatysime-iide-2022\/","og_locale":"en_US","og_type":"article","og_title":"We will meet at IIDE 2022 - FASA","og_description":"Our Sales Manager Renaldas together with Head of Sales and Marketing Jolanta are ready to meet you in exhibition India International Dairy Expo 2022 in Mumbai, India which will be from 13th till 15th of April. We will be glad to see our customers and partners, as well as all interested specialists at our booth. [&hellip;]","og_url":"https:\/\/www.fasa.lt\/en\/pasimatysime-iide-2022\/","og_site_name":"FASA","article_published_time":"2022-03-22T12:24:22+00:00","article_modified_time":"2022-03-22T12:45:19+00:00","og_image":[{"width":2480,"height":852,"url":"https:\/\/www.fasa.lt\/wp-content\/uploads\/2022\/03\/IIDE-2022-su-nr.jpg","type":"image\/jpeg"}],"author":"Eivil\u0117 Rugieni\u016bt\u0117","twitter_card":"summary_large_image","twitter_misc":{"Written by":"Eivil\u0117 Rugieni\u016bt\u0117","Est. reading time":"1 minute"},"schema":{"@context":"https:\/\/schema.org","@graph":[{"@type":"Article","@id":"https:\/\/www.fasa.lt\/en\/pasimatysime-iide-2022\/#article","isPartOf":{"@id":"https:\/\/www.fasa.lt\/en\/pasimatysime-iide-2022\/"},"author":{"name":"Eivil\u0117 Rugieni\u016bt\u0117","@id":"https:\/\/www.fasa.lt\/en\/#\/schema\/person\/d9da70d13c939f46c2f0fc7790909360"},"headline":"We will meet at IIDE 2022","datePublished":"2022-03-22T12:24:22+00:00","dateModified":"2022-03-22T12:45:19+00:00","mainEntityOfPage":{"@id":"https:\/\/www.fasa.lt\/en\/pasimatysime-iide-2022\/"},"wordCount":87,"commentCount":0,"publisher":{"@id":"https:\/\/www.fasa.lt\/en\/#organization"},"image":{"@id":"https:\/\/www.fasa.lt\/en\/pasimatysime-iide-2022\/#primaryimage"},"thumbnailUrl":"https:\/\/www.fasa.lt\/wp-content\/uploads\/2022\/03\/IIDE-2022-su-nr.jpg","articleSection":["Other"],"inLanguage":"en-US","potentialAction":[{"@type":"CommentAction","name":"Comment","target":["https:\/\/www.fasa.lt\/en\/pasimatysime-iide-2022\/#respond"]}]},{"@type":"WebPage","@id":"https:\/\/www.fasa.lt\/en\/pasimatysime-iide-2022\/","url":"https:\/\/www.fasa.lt\/en\/pasimatysime-iide-2022\/","name":"We will meet at IIDE 2022 - FASA","isPartOf":{"@id":"https:\/\/www.fasa.lt\/en\/#website"},"primaryImageOfPage":{"@id":"https:\/\/www.fasa.lt\/en\/pasimatysime-iide-2022\/#primaryimage"},"image":{"@id":"https:\/\/www.fasa.lt\/en\/pasimatysime-iide-2022\/#primaryimage"},"thumbnailUrl":"https:\/\/www.fasa.lt\/wp-content\/uploads\/2022\/03\/IIDE-2022-su-nr.jpg","datePublished":"2022-03-22T12:24:22+00:00","dateModified":"2022-03-22T12:45:19+00:00","breadcrumb":{"@id":"https:\/\/www.fasa.lt\/en\/pasimatysime-iide-2022\/#breadcrumb"},"inLanguage":"en-US","potentialAction":[{"@type":"ReadAction","target":["https:\/\/www.fasa.lt\/en\/pasimatysime-iide-2022\/"]}]},{"@type":"ImageObject","inLanguage":"en-US","@id":"https:\/\/www.fasa.lt\/en\/pasimatysime-iide-2022\/#primaryimage","url":"https:\/\/www.fasa.lt\/wp-content\/uploads\/2022\/03\/IIDE-2022-su-nr.jpg","contentUrl":"https:\/\/www.fasa.lt\/wp-content\/uploads\/2022\/03\/IIDE-2022-su-nr.jpg","width":2480,"height":852},{"@type":"BreadcrumbList","@id":"https:\/\/www.fasa.lt\/en\/pasimatysime-iide-2022\/#breadcrumb","itemListElement":[{"@type":"ListItem","position":1,"name":"Home","item":"https:\/\/www.fasa.lt\/en\/"},{"@type":"ListItem","position":2,"name":"We will meet at IIDE 2022"}]},{"@type":"WebSite","@id":"https:\/\/www.fasa.lt\/en\/#website","url":"https:\/\/www.fasa.lt\/en\/","name":"FASA","description":"Maisto perdirbimo ma\u0161inos ir \u012frengimai - gamyba","publisher":{"@id":"https:\/\/www.fasa.lt\/en\/#organization"},"potentialAction":[{"@type":"SearchAction","target":{"@type":"EntryPoint","urlTemplate":"https:\/\/www.fasa.lt\/en\/?s={search_term_string}"},"query-input":{"@type":"PropertyValueSpecification","valueRequired":true,"valueName":"search_term_string"}}],"inLanguage":"en-US"},{"@type":"Organization","@id":"https:\/\/www.fasa.lt\/en\/#organization","name":"FASA- Packaging Technology","url":"https:\/\/www.fasa.lt\/en\/","logo":{"@type":"ImageObject","inLanguage":"en-US","@id":"https:\/\/www.fasa.lt\/en\/#\/schema\/logo\/image\/","url":"https:\/\/www.fasa.lt\/wp-content\/uploads\/2020\/10\/Untitled-design-1.png","contentUrl":"https:\/\/www.fasa.lt\/wp-content\/uploads\/2020\/10\/Untitled-design-1.png","width":500,"height":500,"caption":"FASA- Packaging Technology"},"image":{"@id":"https:\/\/www.fasa.lt\/en\/#\/schema\/logo\/image\/"}},{"@type":"Person","@id":"https:\/\/www.fasa.lt\/en\/#\/schema\/person\/d9da70d13c939f46c2f0fc7790909360","name":"Eivil\u0117 Rugieni\u016bt\u0117","image":{"@type":"ImageObject","inLanguage":"en-US","@id":"https:\/\/www.fasa.lt\/wp-content\/litespeed\/avatar\/66722d4bec3e62be71fcd2a9dd65e20b.jpg?ver=1777214170","url":"https:\/\/www.fasa.lt\/wp-content\/litespeed\/avatar\/66722d4bec3e62be71fcd2a9dd65e20b.jpg?ver=1777214170","contentUrl":"https:\/\/www.fasa.lt\/wp-content\/litespeed\/avatar\/66722d4bec3e62be71fcd2a9dd65e20b.jpg?ver=1777214170","caption":"Eivil\u0117 Rugieni\u016bt\u0117"},"description":"Eivile Rugieniute is a Marketing Manager at FASA with 6 years of experience in B2B marketing. She specializes in developing data-driven marketing strategies, building strong brand positioning, and driving measurable growth across digital and offline channels. At FASA, Eivile focuses on aligning marketing initiatives with business goals to support long-term success.","url":"https:\/\/www.fasa.lt\/en\/author\/admin_marketing_85632\/"}]}},"_links":{"self":[{"href":"https:\/\/www.fasa.lt\/en\/wp-json\/wp\/v2\/posts\/33682","targetHints":{"allow":["GET"]}}],"collection":[{"href":"https:\/\/www.fasa.lt\/en\/wp-json\/wp\/v2\/posts"}],"about":[{"href":"https:\/\/www.fasa.lt\/en\/wp-json\/wp\/v2\/types\/post"}],"author":[{"embeddable":true,"href":"https:\/\/www.fasa.lt\/en\/wp-json\/wp\/v2\/users\/3"}],"replies":[{"embeddable":true,"href":"https:\/\/www.fasa.lt\/en\/wp-json\/wp\/v2\/comments?post=33682"}],"version-history":[{"count":4,"href":"https:\/\/www.fasa.lt\/en\/wp-json\/wp\/v2\/posts\/33682\/revisions"}],"predecessor-version":[{"id":33689,"href":"https:\/\/www.fasa.lt\/en\/wp-json\/wp\/v2\/posts\/33682\/revisions\/33689"}],"wp:featuredmedia":[{"embeddable":true,"href":"https:\/\/www.fasa.lt\/en\/wp-json\/wp\/v2\/media\/33662"}],"wp:attachment":[{"href":"https:\/\/www.fasa.lt\/en\/wp-json\/wp\/v2\/media?parent=33682"}],"wp:term":[{"taxonomy":"category","embeddable":true,"href":"https:\/\/www.fasa.lt\/en\/wp-json\/wp\/v2\/categories?post=33682"},{"taxonomy":"post_tag","embeddable":true,"href":"https:\/\/www.fasa.lt\/en\/wp-json\/wp\/v2\/tags?post=33682"}],"curies":[{"name":"wp","href":"https:\/\/api.w.org\/{rel}","templated":true}]}}